{"id":18157,"date":"2024-04-10T11:10:16","date_gmt":"2024-04-10T10:10:16","guid":{"rendered":"https:\/\/www.weyou-group.com\/all4customer-paris-2024\/"},"modified":"2024-09-27T02:09:02","modified_gmt":"2024-09-27T01:09:02","slug":"all4customer-paris-2024","status":"publish","type":"post","link":"https:\/\/www.weyou-group.com\/es\/all4customer-paris-2024\/","title":{"rendered":"ALL4CUSTOMER PARIS 2024"},"content":{"rendered":"<p><a href=\"https:\/\/www.youtube.com\/watch?v=4mth1aNr5Tc\"><img alt=\"\" fetchpriority=\"high\" decoding=\"async\" class=\"alignnone size-medium wp-image-8332\" src=\"https:\/\/www.weyou-group.com\/wp-content\/uploads\/2024\/04\/P1111373-304x190.jpg\" alt=\"\" width=\"304\" height=\"190\" \/><\/a><\/p>\n<p>Un repaso a la \u00faltima edici\u00f3n de la feria de la experiencia del cliente, el marketing digital, el comercio electr\u00f3nico, los datos y la inteligencia artificial.<\/p>\n<p>No se pierda la pr\u00f3xima edici\u00f3n, <strong>los d\u00edas 1, 2 y 3 de abril de 2025 en Par\u00eds.<\/strong><\/p>\n","protected":false},"excerpt":{"rendered":"<p>Un repaso a la \u00faltima edici\u00f3n de la feria de la experiencia del cliente, el marketing digital, el comercio electr\u00f3nico, los datos y la inteligencia artificial. No se pierda la pr\u00f3xima edici\u00f3n, los d\u00edas 1, 2 y 3 de abril de 2025 en Par\u00eds.<\/p>\n","protected":false},"author":23,"featured_media":0,"comment_status":"closed","ping_status":"closed","sticky":false,"template":"","format":"standard","meta":{"_seopress_robots_primary_cat":"","_seopress_titles_title":"","_seopress_titles_desc":"","_seopress_robots_index":"","footnotes":""},"categories":[263],"tags":[],"class_list":{"0":"post-18157","1":"post","2":"type-post","3":"status-publish","4":"format-standard","6":"category-sin-categorizar"},"blocksy_meta":[],"rttpg_featured_image_url":null,"rttpg_author":{"display_name":"Joan Missegue","author_link":"https:\/\/www.weyou-group.com\/es\/author\/jmissegue\/"},"rttpg_comment":0,"rttpg_category":"<a href=\"https:\/\/www.weyou-group.com\/es\/sin-categorizar\/\" rel=\"category tag\">Sin categorizar<\/a>","rttpg_excerpt":"Un repaso a la \u00faltima edici\u00f3n de la feria de la experiencia del cliente, el marketing digital, el comercio electr\u00f3nico, los datos y la inteligencia artificial. No se pierda la pr\u00f3xima edici\u00f3n, los d\u00edas 1, 2 y 3 de abril de 2025 en Par\u00eds.","_links":{"self":[{"href":"https:\/\/www.weyou-group.com\/es\/wp-json\/wp\/v2\/posts\/18157","targetHints":{"allow":["GET"]}}],"collection":[{"href":"https:\/\/www.weyou-group.com\/es\/wp-json\/wp\/v2\/posts"}],"about":[{"href":"https:\/\/www.weyou-group.com\/es\/wp-json\/wp\/v2\/types\/post"}],"author":[{"embeddable":true,"href":"https:\/\/www.weyou-group.com\/es\/wp-json\/wp\/v2\/users\/23"}],"replies":[{"embeddable":true,"href":"https:\/\/www.weyou-group.com\/es\/wp-json\/wp\/v2\/comments?post=18157"}],"version-history":[{"count":1,"href":"https:\/\/www.weyou-group.com\/es\/wp-json\/wp\/v2\/posts\/18157\/revisions"}],"predecessor-version":[{"id":18171,"href":"https:\/\/www.weyou-group.com\/es\/wp-json\/wp\/v2\/posts\/18157\/revisions\/18171"}],"wp:attachment":[{"href":"https:\/\/www.weyou-group.com\/es\/wp-json\/wp\/v2\/media?parent=18157"}],"wp:term":[{"taxonomy":"category","embeddable":true,"href":"https:\/\/www.weyou-group.com\/es\/wp-json\/wp\/v2\/categories?post=18157"},{"taxonomy":"post_tag","embeddable":true,"href":"https:\/\/www.weyou-group.com\/es\/wp-json\/wp\/v2\/tags?post=18157"}],"curies":[{"name":"wp","href":"https:\/\/api.w.org\/{rel}","templated":true}]}}