{"id":18159,"date":"2024-04-10T10:42:04","date_gmt":"2024-04-10T09:42:04","guid":{"rendered":"https:\/\/www.weyou-group.com\/le-salon-de-lenvironnement-et-des-achats-2024\/"},"modified":"2024-09-27T02:10:58","modified_gmt":"2024-09-27T01:10:58","slug":"le-salon-de-lenvironnement-et-des-achats-2024","status":"publish","type":"post","link":"https:\/\/www.weyou-group.com\/es\/le-salon-de-lenvironnement-et-des-achats-2024\/","title":{"rendered":"SETA 2024"},"content":{"rendered":"<p><img alt=\"\" fetchpriority=\"high\" decoding=\"async\" class=\"alignnone size-medium wp-image-8326\" src=\"https:\/\/www.weyou-group.com\/wp-content\/uploads\/2024\/04\/DSC03721-304x190.jpg\" alt=\"\" width=\"304\" height=\"190\" \/><\/p>\n<p>Un repaso a la \u00faltima edici\u00f3n de la feria de servicios, gesti\u00f3n t\u00e9cnica e innovaciones tecnol\u00f3gicas para empresas.<\/p>\n<p>No se pierda la pr\u00f3xima edici\u00f3n, <strong>prevista para los d\u00edas 25, 26 y 27 de marzo de 2025 en Par\u00eds<\/strong>.<\/p>\n","protected":false},"excerpt":{"rendered":"<p>Un repaso a la \u00faltima edici\u00f3n de la feria de servicios, gesti\u00f3n t\u00e9cnica e innovaciones tecnol\u00f3gicas para empresas. No se pierda la pr\u00f3xima edici\u00f3n, prevista para los d\u00edas 25, 26 y 27 de marzo de 2025 en Par\u00eds.<\/p>\n","protected":false},"author":23,"featured_media":0,"comment_status":"closed","ping_status":"closed","sticky":false,"template":"","format":"standard","meta":{"_seopress_robots_primary_cat":"","_seopress_titles_title":"","_seopress_titles_desc":"","_seopress_robots_index":"","footnotes":""},"categories":[263],"tags":[],"class_list":{"0":"post-18159","1":"post","2":"type-post","3":"status-publish","4":"format-standard","6":"category-sin-categorizar"},"blocksy_meta":[],"rttpg_featured_image_url":null,"rttpg_author":{"display_name":"Joan Missegue","author_link":"https:\/\/www.weyou-group.com\/es\/author\/jmissegue\/"},"rttpg_comment":0,"rttpg_category":"<a href=\"https:\/\/www.weyou-group.com\/es\/sin-categorizar\/\" rel=\"category tag\">Sin categorizar<\/a>","rttpg_excerpt":"Un repaso a la \u00faltima edici\u00f3n de la feria de servicios, gesti\u00f3n t\u00e9cnica e innovaciones tecnol\u00f3gicas para empresas. No se pierda la pr\u00f3xima edici\u00f3n, prevista para los d\u00edas 25, 26 y 27 de marzo de 2025 en Par\u00eds.","_links":{"self":[{"href":"https:\/\/www.weyou-group.com\/es\/wp-json\/wp\/v2\/posts\/18159","targetHints":{"allow":["GET"]}}],"collection":[{"href":"https:\/\/www.weyou-group.com\/es\/wp-json\/wp\/v2\/posts"}],"about":[{"href":"https:\/\/www.weyou-group.com\/es\/wp-json\/wp\/v2\/types\/post"}],"author":[{"embeddable":true,"href":"https:\/\/www.weyou-group.com\/es\/wp-json\/wp\/v2\/users\/23"}],"replies":[{"embeddable":true,"href":"https:\/\/www.weyou-group.com\/es\/wp-json\/wp\/v2\/comments?post=18159"}],"version-history":[{"count":1,"href":"https:\/\/www.weyou-group.com\/es\/wp-json\/wp\/v2\/posts\/18159\/revisions"}],"predecessor-version":[{"id":18175,"href":"https:\/\/www.weyou-group.com\/es\/wp-json\/wp\/v2\/posts\/18159\/revisions\/18175"}],"wp:attachment":[{"href":"https:\/\/www.weyou-group.com\/es\/wp-json\/wp\/v2\/media?parent=18159"}],"wp:term":[{"taxonomy":"category","embeddable":true,"href":"https:\/\/www.weyou-group.com\/es\/wp-json\/wp\/v2\/categories?post=18159"},{"taxonomy":"post_tag","embeddable":true,"href":"https:\/\/www.weyou-group.com\/es\/wp-json\/wp\/v2\/tags?post=18159"}],"curies":[{"name":"wp","href":"https:\/\/api.w.org\/{rel}","templated":true}]}}